{"id":1,"date":"2024-09-30T10:48:57","date_gmt":"2024-09-30T08:48:57","guid":{"rendered":"http:\/\/lafermedelalmanarre.com\/?p=1"},"modified":"2024-09-30T10:48:57","modified_gmt":"2024-09-30T08:48:57","slug":"bonjour-tout-le-monde","status":"publish","type":"post","link":"https:\/\/lafermedelalmanarre.com\/index.php\/2024\/09\/30\/bonjour-tout-le-monde\/","title":{"rendered":"Bonjour tout le monde\u00a0!"},"content":{"rendered":"\n<p>Bienvenue sur WordPress. Ceci est votre premier article. Modifiez-le ou supprimez-le, puis commencez \u00e0 \u00e9crire\u00a0!<\/p>\n","protected":false},"excerpt":{"rendered":"<p>Bienvenue sur WordPress. Ceci est votre premier article. Modifiez-le ou supprimez-le, puis commencez \u00e0 \u00e9crire\u00a0!<\/p>\n","protected":false},"author":1,"featured_media":0,"comment_status":"open","ping_status":"open","sticky":false,"template":"","format":"standard","meta":{"_et_pb_use_builder":"","_et_pb_old_content":"","_et_gb_content_width":"","footnotes":""},"categories":[1],"tags":[],"class_list":["post-1","post","type-post","status-publish","format-standard","hentry","category-non-classe"],"yoast_head":"<!-- This site is optimized with the Yoast SEO plugin v27.3 - https:\/\/yoast.com\/product\/yoast-seo-wordpress\/ -->\n<title>Bonjour tout le monde\u00a0! - Ferme de l&#039;Almanarre<\/title>\n<meta name=\"robots\" content=\"index, follow, max-snippet:-1, max-image-preview:large, max-video-preview:-1\" \/>\n<link rel=\"canonical\" href=\"https:\/\/lafermedelalmanarre.com\/index.php\/2024\/09\/30\/bonjour-tout-le-monde\/\" \/>\n<meta property=\"og:locale\" content=\"fr_FR\" \/>\n<meta property=\"og:type\" content=\"article\" \/>\n<meta property=\"og:title\" content=\"Bonjour tout le monde\u00a0! - Ferme de l&#039;Almanarre\" \/>\n<meta property=\"og:description\" content=\"Bienvenue sur WordPress. Ceci est votre premier article. Modifiez-le ou supprimez-le, puis commencez \u00e0 \u00e9crire\u00a0!\" \/>\n<meta property=\"og:url\" content=\"https:\/\/lafermedelalmanarre.com\/index.php\/2024\/09\/30\/bonjour-tout-le-monde\/\" \/>\n<meta property=\"og:site_name\" content=\"Ferme de l&#039;Almanarre\" \/>\n<meta property=\"article:publisher\" content=\"https:\/\/www.facebook.com\/laferme.almanarre\/?locale=fr_FR\" \/>\n<meta property=\"article:published_time\" content=\"2024-09-30T08:48:57+00:00\" \/>\n<meta name=\"author\" content=\"admin9711\" \/>\n<meta name=\"twitter:card\" content=\"summary_large_image\" \/>\n<meta name=\"twitter:label1\" content=\"\u00c9crit par\" \/>\n\t<meta name=\"twitter:data1\" content=\"admin9711\" \/>\n<script type=\"application\/ld+json\" class=\"yoast-schema-graph\">{\"@context\":\"https:\\\/\\\/schema.org\",\"@graph\":[{\"@type\":\"Article\",\"@id\":\"https:\\\/\\\/lafermedelalmanarre.com\\\/index.php\\\/2024\\\/09\\\/30\\\/bonjour-tout-le-monde\\\/#article\",\"isPartOf\":{\"@id\":\"https:\\\/\\\/lafermedelalmanarre.com\\\/index.php\\\/2024\\\/09\\\/30\\\/bonjour-tout-le-monde\\\/\"},\"author\":{\"name\":\"admin9711\",\"@id\":\"https:\\\/\\\/lafermedelalmanarre.com\\\/#\\\/schema\\\/person\\\/60ac70f5a28f449733e2b4eb4d4edeef\"},\"headline\":\"Bonjour tout le monde\u00a0!\",\"datePublished\":\"2024-09-30T08:48:57+00:00\",\"mainEntityOfPage\":{\"@id\":\"https:\\\/\\\/lafermedelalmanarre.com\\\/index.php\\\/2024\\\/09\\\/30\\\/bonjour-tout-le-monde\\\/\"},\"wordCount\":18,\"commentCount\":0,\"publisher\":{\"@id\":\"https:\\\/\\\/lafermedelalmanarre.com\\\/#organization\"},\"inLanguage\":\"fr-FR\",\"potentialAction\":[{\"@type\":\"CommentAction\",\"name\":\"Comment\",\"target\":[\"https:\\\/\\\/lafermedelalmanarre.com\\\/index.php\\\/2024\\\/09\\\/30\\\/bonjour-tout-le-monde\\\/#respond\"]}]},{\"@type\":\"WebPage\",\"@id\":\"https:\\\/\\\/lafermedelalmanarre.com\\\/index.php\\\/2024\\\/09\\\/30\\\/bonjour-tout-le-monde\\\/\",\"url\":\"https:\\\/\\\/lafermedelalmanarre.com\\\/index.php\\\/2024\\\/09\\\/30\\\/bonjour-tout-le-monde\\\/\",\"name\":\"Bonjour tout le monde\u00a0! - Ferme de l&#039;Almanarre\",\"isPartOf\":{\"@id\":\"https:\\\/\\\/lafermedelalmanarre.com\\\/#website\"},\"datePublished\":\"2024-09-30T08:48:57+00:00\",\"breadcrumb\":{\"@id\":\"https:\\\/\\\/lafermedelalmanarre.com\\\/index.php\\\/2024\\\/09\\\/30\\\/bonjour-tout-le-monde\\\/#breadcrumb\"},\"inLanguage\":\"fr-FR\",\"potentialAction\":[{\"@type\":\"ReadAction\",\"target\":[\"https:\\\/\\\/lafermedelalmanarre.com\\\/index.php\\\/2024\\\/09\\\/30\\\/bonjour-tout-le-monde\\\/\"]}]},{\"@type\":\"BreadcrumbList\",\"@id\":\"https:\\\/\\\/lafermedelalmanarre.com\\\/index.php\\\/2024\\\/09\\\/30\\\/bonjour-tout-le-monde\\\/#breadcrumb\",\"itemListElement\":[{\"@type\":\"ListItem\",\"position\":1,\"name\":\"Accueil\",\"item\":\"https:\\\/\\\/lafermedelalmanarre.com\\\/\"},{\"@type\":\"ListItem\",\"position\":2,\"name\":\"Bonjour tout le monde\u00a0!\"}]},{\"@type\":\"WebSite\",\"@id\":\"https:\\\/\\\/lafermedelalmanarre.com\\\/#website\",\"url\":\"https:\\\/\\\/lafermedelalmanarre.com\\\/\",\"name\":\"La Ferme de l'Almanarre\",\"description\":\"Le go\u00fbt du naturel, cultiv\u00e9 avec passion.\",\"publisher\":{\"@id\":\"https:\\\/\\\/lafermedelalmanarre.com\\\/#organization\"},\"potentialAction\":[{\"@type\":\"SearchAction\",\"target\":{\"@type\":\"EntryPoint\",\"urlTemplate\":\"https:\\\/\\\/lafermedelalmanarre.com\\\/?s={search_term_string}\"},\"query-input\":{\"@type\":\"PropertyValueSpecification\",\"valueRequired\":true,\"valueName\":\"search_term_string\"}}],\"inLanguage\":\"fr-FR\"},{\"@type\":\"Organization\",\"@id\":\"https:\\\/\\\/lafermedelalmanarre.com\\\/#organization\",\"name\":\"Ferme de l'Almanarre \u2013 Fruits, L\u00e9gumes & Produits Locaux \u00e0 Hy\u00e8res\",\"url\":\"https:\\\/\\\/lafermedelalmanarre.com\\\/\",\"logo\":{\"@type\":\"ImageObject\",\"inLanguage\":\"fr-FR\",\"@id\":\"https:\\\/\\\/lafermedelalmanarre.com\\\/#\\\/schema\\\/logo\\\/image\\\/\",\"url\":\"http:\\\/\\\/lafermedelalmanarre.com\\\/wp-content\\\/uploads\\\/2024\\\/10\\\/organic-farming-icon-04-1.png\",\"contentUrl\":\"http:\\\/\\\/lafermedelalmanarre.com\\\/wp-content\\\/uploads\\\/2024\\\/10\\\/organic-farming-icon-04-1.png\",\"width\":128,\"height\":128,\"caption\":\"Ferme de l'Almanarre \u2013 Fruits, L\u00e9gumes & Produits Locaux \u00e0 Hy\u00e8res\"},\"image\":{\"@id\":\"https:\\\/\\\/lafermedelalmanarre.com\\\/#\\\/schema\\\/logo\\\/image\\\/\"},\"sameAs\":[\"https:\\\/\\\/www.facebook.com\\\/laferme.almanarre\\\/?locale=fr_FR\",\"https:\\\/\\\/www.instagram.com\\\/laferme_almanarre\\\/\"]},{\"@type\":\"Person\",\"@id\":\"https:\\\/\\\/lafermedelalmanarre.com\\\/#\\\/schema\\\/person\\\/60ac70f5a28f449733e2b4eb4d4edeef\",\"name\":\"admin9711\",\"image\":{\"@type\":\"ImageObject\",\"inLanguage\":\"fr-FR\",\"@id\":\"https:\\\/\\\/secure.gravatar.com\\\/avatar\\\/340ff02891a735e2d80b32de62cdc859a8122d593e24b5be90ce3ca7e1ce9562?s=96&d=mm&r=g\",\"url\":\"https:\\\/\\\/secure.gravatar.com\\\/avatar\\\/340ff02891a735e2d80b32de62cdc859a8122d593e24b5be90ce3ca7e1ce9562?s=96&d=mm&r=g\",\"contentUrl\":\"https:\\\/\\\/secure.gravatar.com\\\/avatar\\\/340ff02891a735e2d80b32de62cdc859a8122d593e24b5be90ce3ca7e1ce9562?s=96&d=mm&r=g\",\"caption\":\"admin9711\"},\"sameAs\":[\"http:\\\/\\\/lafermedelalmanarre.com\"],\"url\":\"https:\\\/\\\/lafermedelalmanarre.com\\\/index.php\\\/author\\\/admin9711\\\/\"}]}<\/script>\n<!-- \/ Yoast SEO plugin. -->","yoast_head_json":{"title":"Bonjour tout le monde\u00a0! - Ferme de l&#039;Almanarre","robots":{"index":"index","follow":"follow","max-snippet":"max-snippet:-1","max-image-preview":"max-image-preview:large","max-video-preview":"max-video-preview:-1"},"canonical":"https:\/\/lafermedelalmanarre.com\/index.php\/2024\/09\/30\/bonjour-tout-le-monde\/","og_locale":"fr_FR","og_type":"article","og_title":"Bonjour tout le monde\u00a0! - Ferme de l&#039;Almanarre","og_description":"Bienvenue sur WordPress. Ceci est votre premier article. Modifiez-le ou supprimez-le, puis commencez \u00e0 \u00e9crire\u00a0!","og_url":"https:\/\/lafermedelalmanarre.com\/index.php\/2024\/09\/30\/bonjour-tout-le-monde\/","og_site_name":"Ferme de l&#039;Almanarre","article_publisher":"https:\/\/www.facebook.com\/laferme.almanarre\/?locale=fr_FR","article_published_time":"2024-09-30T08:48:57+00:00","author":"admin9711","twitter_card":"summary_large_image","twitter_misc":{"\u00c9crit par":"admin9711"},"schema":{"@context":"https:\/\/schema.org","@graph":[{"@type":"Article","@id":"https:\/\/lafermedelalmanarre.com\/index.php\/2024\/09\/30\/bonjour-tout-le-monde\/#article","isPartOf":{"@id":"https:\/\/lafermedelalmanarre.com\/index.php\/2024\/09\/30\/bonjour-tout-le-monde\/"},"author":{"name":"admin9711","@id":"https:\/\/lafermedelalmanarre.com\/#\/schema\/person\/60ac70f5a28f449733e2b4eb4d4edeef"},"headline":"Bonjour tout le monde\u00a0!","datePublished":"2024-09-30T08:48:57+00:00","mainEntityOfPage":{"@id":"https:\/\/lafermedelalmanarre.com\/index.php\/2024\/09\/30\/bonjour-tout-le-monde\/"},"wordCount":18,"commentCount":0,"publisher":{"@id":"https:\/\/lafermedelalmanarre.com\/#organization"},"inLanguage":"fr-FR","potentialAction":[{"@type":"CommentAction","name":"Comment","target":["https:\/\/lafermedelalmanarre.com\/index.php\/2024\/09\/30\/bonjour-tout-le-monde\/#respond"]}]},{"@type":"WebPage","@id":"https:\/\/lafermedelalmanarre.com\/index.php\/2024\/09\/30\/bonjour-tout-le-monde\/","url":"https:\/\/lafermedelalmanarre.com\/index.php\/2024\/09\/30\/bonjour-tout-le-monde\/","name":"Bonjour tout le monde\u00a0! - Ferme de l&#039;Almanarre","isPartOf":{"@id":"https:\/\/lafermedelalmanarre.com\/#website"},"datePublished":"2024-09-30T08:48:57+00:00","breadcrumb":{"@id":"https:\/\/lafermedelalmanarre.com\/index.php\/2024\/09\/30\/bonjour-tout-le-monde\/#breadcrumb"},"inLanguage":"fr-FR","potentialAction":[{"@type":"ReadAction","target":["https:\/\/lafermedelalmanarre.com\/index.php\/2024\/09\/30\/bonjour-tout-le-monde\/"]}]},{"@type":"BreadcrumbList","@id":"https:\/\/lafermedelalmanarre.com\/index.php\/2024\/09\/30\/bonjour-tout-le-monde\/#breadcrumb","itemListElement":[{"@type":"ListItem","position":1,"name":"Accueil","item":"https:\/\/lafermedelalmanarre.com\/"},{"@type":"ListItem","position":2,"name":"Bonjour tout le monde\u00a0!"}]},{"@type":"WebSite","@id":"https:\/\/lafermedelalmanarre.com\/#website","url":"https:\/\/lafermedelalmanarre.com\/","name":"La Ferme de l'Almanarre","description":"Le go\u00fbt du naturel, cultiv\u00e9 avec passion.","publisher":{"@id":"https:\/\/lafermedelalmanarre.com\/#organization"},"potentialAction":[{"@type":"SearchAction","target":{"@type":"EntryPoint","urlTemplate":"https:\/\/lafermedelalmanarre.com\/?s={search_term_string}"},"query-input":{"@type":"PropertyValueSpecification","valueRequired":true,"valueName":"search_term_string"}}],"inLanguage":"fr-FR"},{"@type":"Organization","@id":"https:\/\/lafermedelalmanarre.com\/#organization","name":"Ferme de l'Almanarre \u2013 Fruits, L\u00e9gumes & Produits Locaux \u00e0 Hy\u00e8res","url":"https:\/\/lafermedelalmanarre.com\/","logo":{"@type":"ImageObject","inLanguage":"fr-FR","@id":"https:\/\/lafermedelalmanarre.com\/#\/schema\/logo\/image\/","url":"http:\/\/lafermedelalmanarre.com\/wp-content\/uploads\/2024\/10\/organic-farming-icon-04-1.png","contentUrl":"http:\/\/lafermedelalmanarre.com\/wp-content\/uploads\/2024\/10\/organic-farming-icon-04-1.png","width":128,"height":128,"caption":"Ferme de l'Almanarre \u2013 Fruits, L\u00e9gumes & Produits Locaux \u00e0 Hy\u00e8res"},"image":{"@id":"https:\/\/lafermedelalmanarre.com\/#\/schema\/logo\/image\/"},"sameAs":["https:\/\/www.facebook.com\/laferme.almanarre\/?locale=fr_FR","https:\/\/www.instagram.com\/laferme_almanarre\/"]},{"@type":"Person","@id":"https:\/\/lafermedelalmanarre.com\/#\/schema\/person\/60ac70f5a28f449733e2b4eb4d4edeef","name":"admin9711","image":{"@type":"ImageObject","inLanguage":"fr-FR","@id":"https:\/\/secure.gravatar.com\/avatar\/340ff02891a735e2d80b32de62cdc859a8122d593e24b5be90ce3ca7e1ce9562?s=96&d=mm&r=g","url":"https:\/\/secure.gravatar.com\/avatar\/340ff02891a735e2d80b32de62cdc859a8122d593e24b5be90ce3ca7e1ce9562?s=96&d=mm&r=g","contentUrl":"https:\/\/secure.gravatar.com\/avatar\/340ff02891a735e2d80b32de62cdc859a8122d593e24b5be90ce3ca7e1ce9562?s=96&d=mm&r=g","caption":"admin9711"},"sameAs":["http:\/\/lafermedelalmanarre.com"],"url":"https:\/\/lafermedelalmanarre.com\/index.php\/author\/admin9711\/"}]}},"_links":{"self":[{"href":"https:\/\/lafermedelalmanarre.com\/index.php\/wp-json\/wp\/v2\/posts\/1","targetHints":{"allow":["GET"]}}],"collection":[{"href":"https:\/\/lafermedelalmanarre.com\/index.php\/wp-json\/wp\/v2\/posts"}],"about":[{"href":"https:\/\/lafermedelalmanarre.com\/index.php\/wp-json\/wp\/v2\/types\/post"}],"author":[{"embeddable":true,"href":"https:\/\/lafermedelalmanarre.com\/index.php\/wp-json\/wp\/v2\/users\/1"}],"replies":[{"embeddable":true,"href":"https:\/\/lafermedelalmanarre.com\/index.php\/wp-json\/wp\/v2\/comments?post=1"}],"version-history":[{"count":0,"href":"https:\/\/lafermedelalmanarre.com\/index.php\/wp-json\/wp\/v2\/posts\/1\/revisions"}],"wp:attachment":[{"href":"https:\/\/lafermedelalmanarre.com\/index.php\/wp-json\/wp\/v2\/media?parent=1"}],"wp:term":[{"taxonomy":"category","embeddable":true,"href":"https:\/\/lafermedelalmanarre.com\/index.php\/wp-json\/wp\/v2\/categories?post=1"},{"taxonomy":"post_tag","embeddable":true,"href":"https:\/\/lafermedelalmanarre.com\/index.php\/wp-json\/wp\/v2\/tags?post=1"}],"curies":[{"name":"wp","href":"https:\/\/api.w.org\/{rel}","templated":true}]}}